{"id":1473,"date":"2021-10-27T08:56:47","date_gmt":"2021-10-27T05:56:47","guid":{"rendered":"http:\/\/viljelusvoistlus.ee\/?p=1473"},"modified":"2021-12-05T11:10:05","modified_gmt":"2021-12-05T09:10:05","slug":"viljelusvoistlus-2021-lopukonverents","status":"publish","type":"post","link":"https:\/\/www.viljelusvoistlus.ee\/en\/2021\/10\/27\/viljelusvoistlus-2021-lopukonverents\/","title":{"rendered":"Viljelusv\u00f5istlus 2021 l\u00f5pukonverents (lisatud ettekanded ja j\u00e4relevaatamine)"},"content":{"rendered":"<p>26. november 2021<\/p>\n<p>\u00dcritust korraldavad Eesti Taimekasvatuse Instituut ja Viljelusp\u00e4evad MT\u00dc<\/p>\n<p>Ajakava:<br \/>\n09:00 \u2013 10:00 Kogunemine, tervituskohv<br \/>\n10:00 \u2013 10:10 <a href=\"http:\/\/viljelusvoistlus.ee\/wp-content\/uploads\/2021\/12\/1.-Margus_Ameerikas_sissejuhatus.pdf\">Avas\u00f5nad viljelusv\u00f5istluse korraldajatelt<\/a><br \/>\n10:10 \u2013 10:40 <a href=\"http:\/\/viljelusvoistlus.ee\/wp-content\/uploads\/2021\/12\/2.-Erkki_Miller.pdf\">\u00dclevaade taimekasvatushooajast 2021 ja tulevikuplaanid<\/a> \u2013 Maaeluministeerium<br \/>\n10:40 \u2013 11:00 <a href=\"http:\/\/viljelusvoistlus.ee\/wp-content\/uploads\/2021\/12\/4.-Raivo_Vettik.pdf\">Viljelusv\u00f5istlus 2021 tehnoloogiate tulukus<\/a> \u2013 Raivo Vettik, ETKI<br \/>\n11:00 \u2013 11:20 <a href=\"http:\/\/viljelusvoistlus.ee\/wp-content\/uploads\/2021\/12\/3.-Eili_Rajapuu.pdf\">Saagi kvaliteet viljelusv\u00f5istluse p\u00f5ldudel<\/a> \u2013 Eili Rajapuu, Viljelusv\u00f5istluse ekspert<br \/>\n11:20 \u2013 11:40 <a href=\"http:\/\/viljelusvoistlus.ee\/wp-content\/uploads\/2021\/12\/5.-Peeter_Viil.pdf\">Agrotehnikast viljelusv\u00f5istluse p\u00f5ldudel 2021. aastal<\/a> \u2013 Peeter Viil, ETKI<br \/>\n11:40 \u2013 12:10 <a href=\"http:\/\/viljelusvoistlus.ee\/wp-content\/uploads\/2021\/12\/6.-Alar_Astover.pdf\">Taimetoitainete tasakaal ja s\u00fcsiniku jalaj\u00e4lg viljelusv\u00f5istluse p\u00f5ldudel<\/a> \u2013 Alar Astover, EM\u00dc<br \/>\n12:10 \u2013 12:45 L\u00f5una<br \/>\n12:45 \u2013 13:30 <a href=\"http:\/\/viljelusvoistlus.ee\/wp-content\/uploads\/2021\/12\/7.-Endla-Reintam.pdf\">P\u00f5llumajandus ja s\u00fcsiniku tasakaal<\/a> \u2013 Endla Reintam, EM\u00dc<br \/>\n13:30 \u2013 14:00 <a href=\"http:\/\/viljelusvoistlus.ee\/wp-content\/uploads\/2021\/12\/8.-Margus_Ameerikas_tulemused.pdf\">Viljelusv\u00f5istlus 2021 tulemused<\/a><br \/>\n14:00 \u2013 14:50 Viljelusv\u00f5istluse tehnoloogiad v\u00f5idup\u00f5ldudel &#8211; <a href=\"http:\/\/viljelusvoistlus.ee\/wp-content\/uploads\/2021\/12\/9.1.-Erki_Plamus.pdf\">\u00a0Erki Plamus\u00a0<\/a>(FIE), <a href=\"http:\/\/viljelusvoistlus.ee\/wp-content\/uploads\/2021\/12\/9.2-Urmet_Kalden.pdf\">Urmet Kalden<\/a> (Akkerlac O\u00dc), <a href=\"http:\/\/viljelusvoistlus.ee\/wp-content\/uploads\/2021\/12\/9.3-Andrus_Reila.pdf\">Andrus Reila<\/a> (Setra M\u00f5is O\u00dc), <a href=\"http:\/\/viljelusvoistlus.ee\/wp-content\/uploads\/2021\/12\/9.4.-Mark_Hubert_Heil.pdf\">Mark Hubert Heil<\/a> (J\u00e4rva PM O\u00dc)<br \/>\n14:50 \u2013 15:10 Kohvipaus<br \/>\n15:10 \u2013 15:30 <a href=\"http:\/\/viljelusvoistlus.ee\/wp-content\/uploads\/2021\/12\/10.-Piibe_Vaher-Malcolm-Sedgwick.pdf\">S\u00fcsinikkaubandus p\u00f5llumajanduses <\/a>\u2013 Piibe Vaher, Malcolm Sedgwick, eAgronom<br \/>\n15:30 \u2013 16:30 <a href=\"http:\/\/viljelusvoistlus.ee\/wp-content\/uploads\/2021\/12\/11.-Margus_Ameerikas_arutelu.pdf\">Diskussioon \u201cS\u00fcsiniku tasakaal v\u00f5istlusp\u00f5ldudel\u201d ja ekskursioon J\u00e4\u00e4aja Keskuses<\/a> \u2013 juhib Margus Ameerikas<\/p>\n<p>Konverents on tasuta!<\/p>\n<p>Konverents j\u00e4relevaadatav <a href=\"https:\/\/www.youtube.com\/watch?v=wifooQaforM\">SIIN<\/a><\/p>\n<p>&nbsp;<\/p>\n<p>Konverentsi modereerib Andre Veskioja<\/p>\n<p>Konverents toimub Eesti maaelu arengukava 2014\u20132020 meetme 1 \u201cTeadmussiire ja teavitus\u201d toetuse (meede 1.1) raames, toetab Euroopa Maaelu Arengu P\u00f5llumajandusfond.<\/p>","protected":false},"excerpt":{"rendered":"<p>26. november 2021 \u00dcritust korraldavad Eesti Taimekasvatuse Instituut ja Viljelusp\u00e4evad MT\u00dc Ajakava: 09:00 \u2013 10:00 Kogunemine, tervituskohv 10:00 \u2013 10:10 Avas\u00f5nad viljelusv\u00f5istluse korraldajatelt 10:10 \u2013 10:40 \u00dclevaade taimekasvatushooajast 2021 ja tulevikuplaanid \u2013 Maaeluministeerium 10:40 \u2013 11:00 Viljelusv\u00f5istlus 2021 tehnoloogiate tulukus \u2013 Raivo Vettik, ETKI 11:00 \u2013 11:20 Saagi kvaliteet viljelusv\u00f5istluse p\u00f5ldudel \u2013 Eili Rajapuu, Viljelusv\u00f5istluse [&hellip;]<\/p>\n","protected":false},"author":8,"featured_media":0,"comment_status":"closed","ping_status":"open","sticky":false,"template":"","format":"standard","meta":{"two_page_speed":[],"footnotes":""},"categories":[1],"tags":[],"class_list":["post-1473","post","type-post","status-publish","format-standard","hentry","category-maaratlemata"],"_links":{"self":[{"href":"https:\/\/www.viljelusvoistlus.ee\/en\/wp-json\/wp\/v2\/posts\/1473","targetHints":{"allow":["GET"]}}],"collection":[{"href":"https:\/\/www.viljelusvoistlus.ee\/en\/wp-json\/wp\/v2\/posts"}],"about":[{"href":"https:\/\/www.viljelusvoistlus.ee\/en\/wp-json\/wp\/v2\/types\/post"}],"author":[{"embeddable":true,"href":"https:\/\/www.viljelusvoistlus.ee\/en\/wp-json\/wp\/v2\/users\/8"}],"replies":[{"embeddable":true,"href":"https:\/\/www.viljelusvoistlus.ee\/en\/wp-json\/wp\/v2\/comments?post=1473"}],"version-history":[{"count":5,"href":"https:\/\/www.viljelusvoistlus.ee\/en\/wp-json\/wp\/v2\/posts\/1473\/revisions"}],"predecessor-version":[{"id":1503,"href":"https:\/\/www.viljelusvoistlus.ee\/en\/wp-json\/wp\/v2\/posts\/1473\/revisions\/1503"}],"wp:attachment":[{"href":"https:\/\/www.viljelusvoistlus.ee\/en\/wp-json\/wp\/v2\/media?parent=1473"}],"wp:term":[{"taxonomy":"category","embeddable":true,"href":"https:\/\/www.viljelusvoistlus.ee\/en\/wp-json\/wp\/v2\/categories?post=1473"},{"taxonomy":"post_tag","embeddable":true,"href":"https:\/\/www.viljelusvoistlus.ee\/en\/wp-json\/wp\/v2\/tags?post=1473"}],"curies":[{"name":"wp","href":"https:\/\/api.w.org\/{rel}","templated":true}]}}