{"id":1216,"date":"2020-11-06T10:49:08","date_gmt":"2020-11-06T08:49:08","guid":{"rendered":"http:\/\/viljelusvoistlus.ee\/?p=1216"},"modified":"2020-12-04T13:32:00","modified_gmt":"2020-12-04T11:32:00","slug":"viljelusvoistlus-2020-lopukonverents","status":"publish","type":"post","link":"http:\/\/www.viljelusvoistlus.ee\/en\/2020\/11\/06\/viljelusvoistlus-2020-lopukonverents\/","title":{"rendered":"Viljelusv\u00f5istlus 2020 l\u00f5pukonverents (Lisatud ettekanded ja j\u00e4relevaatamine!)"},"content":{"rendered":"<p>KONVERENTS ON J\u00c4RELEVAADATAV <strong><a href=\"https:\/\/www.youtube.com\/watch?v=GkwnFcK4esU&amp;feature=youtu.be\">SIIT<\/a><\/strong><\/p>\n<p>Veebikonverents<br \/>\n\u00dcritust korraldavad:\u00a0 Viljelusp\u00e4evad MT\u00dc ja Eesti Taimekasvatuse Instituut<\/p>\n<p>10:00 \u2013 10:10 <a href=\"http:\/\/viljelusvoistlus.ee\/wp-content\/uploads\/2020\/12\/Viljelusv6istlus2020_sissejuhatus_MargusAmeerikas.pdf\">Avas\u00f5nad Viljelusv\u00f5istluse korraldajatelt<\/a><br \/>\n10:10 \u2013 10:40 <a href=\"http:\/\/viljelusvoistlus.ee\/wp-content\/uploads\/2020\/12\/Arvo-Aller.pdf\">\u00dclevaade Eesti taimekasvatushooajast 2020, tulevikuplaanid \u2013 Arvo Aller, Maaeluminister<\/a><br \/>\n10:40 \u2013 11:00 <a href=\"http:\/\/viljelusvoistlus.ee\/wp-content\/uploads\/2020\/12\/Vettik_tulukus_2020.pdf\">Viljelusv\u00f5istlus 2020 tehnoloogiate tulukus \u2013 Raivo Vettik, ETKI<\/a><br \/>\n11:00 \u2013 11:20 <a href=\"http:\/\/viljelusvoistlus.ee\/wp-content\/uploads\/2020\/12\/Eili_Rajapuu.pdf\">Saagi kvaliteet viljelusv\u00f5istluse p\u00f5ldudel \u2013 Eili Rajapuu, Viljelusv\u00f5istluse ekspert<\/a><br \/>\n11:20 \u2013 11:40 <a href=\"http:\/\/viljelusvoistlus.ee\/wp-content\/uploads\/2020\/12\/Peeter-Viil.pdf\">Agrotehnikast viljelusv\u00f5istluse p\u00f5ldudel 2020.a \u2013 Peeter Viil, ETKI<\/a><br \/>\n11:40 \u2013 12:10 <a href=\"http:\/\/viljelusvoistlus.ee\/wp-content\/uploads\/2020\/12\/Alar-Astover.pdf\">Taimetoitainete tasakaal viljelusv\u00f5istluse p\u00f5ldudel \u2013 Alar Atover, EM\u00dc<\/a><br \/>\n12:10 \u2013 12:30 Paus<br \/>\n12:30 \u2013 13:15 <a href=\"http:\/\/viljelusvoistlus.ee\/wp-content\/uploads\/2020\/12\/Mark-Tucker.pdf\">Taimekasvatuse ja taimede toitumise uusimad suunad \u2013 Mark Tucker, Yara UK<\/a><br \/>\n13:15 \u2013 13:45 <a href=\"http:\/\/viljelusvoistlus.ee\/wp-content\/uploads\/2020\/12\/Viljelusv6istlus2020_parimad_MargusAmeerikas2.pdf\">Viljelusv\u00f5istlus 2020 tulemused<\/a><br \/>\n13:45 \u2013 14:00 <a href=\"http:\/\/viljelusvoistlus.ee\/wp-content\/uploads\/2020\/12\/Kaimo_Maiste.pdf\">Viljelusv\u00f5istluse tehnoloogiad Sakala P\u00f5ldur O\u00dc p\u00f5ldudel \u2013 Kaimo Maiste, Sakala P\u00f5ldur O\u00dc<\/a><br \/>\n14:05 \u2013 14:35 <a href=\"http:\/\/viljelusvoistlus.ee\/wp-content\/uploads\/2020\/12\/Scanola-2020.pdf\">\u00dclevaade Scanola \u00f5litehase arengust \u2013 Ants Puusta, Scanola Eesti AS<\/a><\/p>\n<p><strong>Vaata viljelusv\u00f5istlus 2020 v\u00f5istlusp\u00f5ldudega osalejaid <a href=\"http:\/\/viljelusvoistlus.ee\/2020\/08\/18\/viljelusvoistlus-2020-osalejad\/\">SIIT<\/a>!<\/strong><\/p>\n<p>Konverents toimub Eesti maaelu arengukava 2014\u20132020 meetme 1 &#8220;Teadmussiire ja teavitus&#8221; toetuse (meede 1.1) raames, toetab Euroopa Maaelu Arengu P\u00f5llumajandusfond.<\/p>\n<p><img loading=\"lazy\" decoding=\"async\" class=\"alignnone wp-image-657\" src=\"http:\/\/viljelusvoistlus.ee\/wp-content\/uploads\/2017\/04\/Untitled-233x300.jpg\" alt=\"\" width=\"102\" height=\"131\" srcset=\"https:\/\/viljelusvoistlus.ee\/wp-content\/uploads\/2017\/04\/Untitled-233x300.jpg 233w, https:\/\/viljelusvoistlus.ee\/wp-content\/uploads\/2017\/04\/Untitled-480x619.jpg 480w, https:\/\/viljelusvoistlus.ee\/wp-content\/uploads\/2017\/04\/Untitled-230x297.jpg 230w, https:\/\/viljelusvoistlus.ee\/wp-content\/uploads\/2017\/04\/Untitled-350x452.jpg 350w, https:\/\/viljelusvoistlus.ee\/wp-content\/uploads\/2017\/04\/Untitled.jpg 493w\" sizes=\"auto, (max-width: 102px) 100vw, 102px\" \/>\u00a0 \u00a0<img loading=\"lazy\" decoding=\"async\" class=\"alignnone wp-image-1231\" src=\"http:\/\/viljelusvoistlus.ee\/wp-content\/uploads\/2020\/11\/MAK-horisontaalne-300x142.jpg\" alt=\"\" width=\"167\" height=\"79\" srcset=\"https:\/\/viljelusvoistlus.ee\/wp-content\/uploads\/2020\/11\/MAK-horisontaalne-300x142.jpg 300w, https:\/\/viljelusvoistlus.ee\/wp-content\/uploads\/2020\/11\/MAK-horisontaalne-480x228.jpg 480w, https:\/\/viljelusvoistlus.ee\/wp-content\/uploads\/2020\/11\/MAK-horisontaalne-230x109.jpg 230w, https:\/\/viljelusvoistlus.ee\/wp-content\/uploads\/2020\/11\/MAK-horisontaalne-350x166.jpg 350w, https:\/\/viljelusvoistlus.ee\/wp-content\/uploads\/2020\/11\/MAK-horisontaalne.jpg 493w\" sizes=\"auto, (max-width: 167px) 100vw, 167px\" \/>\u00a0 \u00a0\u00a0<img loading=\"lazy\" decoding=\"async\" class=\"alignnone wp-image-1232\" src=\"http:\/\/viljelusvoistlus.ee\/wp-content\/uploads\/2020\/11\/etki-logo100-est-300x131.jpg\" alt=\"\" width=\"184\" height=\"81\" srcset=\"https:\/\/viljelusvoistlus.ee\/wp-content\/uploads\/2020\/11\/etki-logo100-est-300x131.jpg 300w, https:\/\/viljelusvoistlus.ee\/wp-content\/uploads\/2020\/11\/etki-logo100-est-768x336.jpg 768w, https:\/\/viljelusvoistlus.ee\/wp-content\/uploads\/2020\/11\/etki-logo100-est-1024x447.jpg 1024w, https:\/\/viljelusvoistlus.ee\/wp-content\/uploads\/2020\/11\/etki-logo100-est-480x210.jpg 480w, https:\/\/viljelusvoistlus.ee\/wp-content\/uploads\/2020\/11\/etki-logo100-est-830x363.jpg 830w, https:\/\/viljelusvoistlus.ee\/wp-content\/uploads\/2020\/11\/etki-logo100-est-230x101.jpg 230w, https:\/\/viljelusvoistlus.ee\/wp-content\/uploads\/2020\/11\/etki-logo100-est-350x153.jpg 350w, https:\/\/viljelusvoistlus.ee\/wp-content\/uploads\/2020\/11\/etki-logo100-est.jpg 1865w\" sizes=\"auto, (max-width: 184px) 100vw, 184px\" \/><\/p>","protected":false},"excerpt":{"rendered":"<p>KONVERENTS ON J\u00c4RELEVAADATAV SIIT Veebikonverents \u00dcritust korraldavad:\u00a0 Viljelusp\u00e4evad MT\u00dc ja Eesti Taimekasvatuse Instituut 10:00 \u2013 10:10 Avas\u00f5nad Viljelusv\u00f5istluse korraldajatelt 10:10 \u2013 10:40 \u00dclevaade Eesti taimekasvatushooajast 2020, tulevikuplaanid \u2013 Arvo Aller, Maaeluminister 10:40 \u2013 11:00 Viljelusv\u00f5istlus 2020 tehnoloogiate tulukus \u2013 Raivo Vettik, ETKI 11:00 \u2013 11:20 Saagi kvaliteet viljelusv\u00f5istluse p\u00f5ldudel \u2013 Eili Rajapuu, Viljelusv\u00f5istluse ekspert 11:20 [&hellip;]<\/p>\n","protected":false},"author":8,"featured_media":0,"comment_status":"closed","ping_status":"open","sticky":false,"template":"","format":"standard","meta":{"two_page_speed":[],"footnotes":""},"categories":[1],"tags":[],"class_list":["post-1216","post","type-post","status-publish","format-standard","hentry","category-maaratlemata"],"_links":{"self":[{"href":"http:\/\/www.viljelusvoistlus.ee\/en\/wp-json\/wp\/v2\/posts\/1216","targetHints":{"allow":["GET"]}}],"collection":[{"href":"http:\/\/www.viljelusvoistlus.ee\/en\/wp-json\/wp\/v2\/posts"}],"about":[{"href":"http:\/\/www.viljelusvoistlus.ee\/en\/wp-json\/wp\/v2\/types\/post"}],"author":[{"embeddable":true,"href":"http:\/\/www.viljelusvoistlus.ee\/en\/wp-json\/wp\/v2\/users\/8"}],"replies":[{"embeddable":true,"href":"http:\/\/www.viljelusvoistlus.ee\/en\/wp-json\/wp\/v2\/comments?post=1216"}],"version-history":[{"count":5,"href":"http:\/\/www.viljelusvoistlus.ee\/en\/wp-json\/wp\/v2\/posts\/1216\/revisions"}],"predecessor-version":[{"id":1258,"href":"http:\/\/www.viljelusvoistlus.ee\/en\/wp-json\/wp\/v2\/posts\/1216\/revisions\/1258"}],"wp:attachment":[{"href":"http:\/\/www.viljelusvoistlus.ee\/en\/wp-json\/wp\/v2\/media?parent=1216"}],"wp:term":[{"taxonomy":"category","embeddable":true,"href":"http:\/\/www.viljelusvoistlus.ee\/en\/wp-json\/wp\/v2\/categories?post=1216"},{"taxonomy":"post_tag","embeddable":true,"href":"http:\/\/www.viljelusvoistlus.ee\/en\/wp-json\/wp\/v2\/tags?post=1216"}],"curies":[{"name":"wp","href":"https:\/\/api.w.org\/{rel}","templated":true}]}}